{"id":1290,"date":"2013-08-08T17:55:28","date_gmt":"2013-08-08T15:55:28","guid":{"rendered":"http:\/\/lutinelefilm.wordpress.com\/?p=1290"},"modified":"2015-08-09T19:09:47","modified_gmt":"2015-08-09T18:09:47","slug":"une-equipe-au-complet","status":"publish","type":"post","link":"http:\/\/lutineetcie.com\/lutinelefilm\/2013\/08\/08\/une-equipe-au-complet\/","title":{"rendered":"Une \u00e9quipe au complet !"},"content":{"rendered":"<p>Bonjour,<\/p>\n<p>on a tourn\u00e9 ce matin comme pr\u00e9vu avec Guilain Omont sur les bords du canal Saint-Martin, et, sp\u00e9cialement pour ma maman qui a cru hier aux camions de TSF dont j&rsquo;ai dit qu&rsquo;ils nous attendaient pour tourner,\u00a0on a pris des photos&#8230;;-)<\/p>\n<p>Voil\u00e0\u00a0comment, nous, on transporte le mat\u00e9riel&#8230;<a href=\"http:\/\/lutinelefilm.files.wordpress.com\/2013\/08\/img_6785.jpg\"><img decoding=\"async\" id=\"i-1295\" class=\"size-full wp-image\" src=\"http:\/\/lutineetcie.com\/lutinelefilm\/wp-content\/uploads\/2013\/08\/img_67851.jpg\" alt=\"Image\" \/><\/a><\/p>\n<p>&#8230; avec la poussette de ma fille ! (qui nous a aussi servi de pied pour un r\u00e9flecteur&#8230;).<\/p>\n<p>Maman, les camions, c&rsquo;\u00e9tait une blague ! \ud83d\ude09<br \/>\nIls tournaient cette nuit pile au m\u00eame endroit que nous ce matin&#8230; et heureusement \u00e9taient partis quand on est arriv\u00e9s : on aurait \u00e9t\u00e9 bien emb\u00eat\u00e9s de les avoir dans le champ !<\/p>\n<p>Voici quelques photos souvenirs :<\/p>\n<p><a href=\"http:\/\/lutinelefilm.files.wordpress.com\/2013\/08\/img_8894.jpg\"><img decoding=\"async\" id=\"i-1305\" class=\"size-full wp-image\" src=\"http:\/\/lutineetcie.com\/lutinelefilm\/wp-content\/uploads\/2013\/08\/img_88941.jpg\" alt=\"Image\" \/><\/a><\/p>\n<p>Christophe Colonel au 5D, avec l&rsquo;\u00e9pauli\u00e8re fabriqu\u00e9e et pr\u00eat\u00e9e par No\u00ebl V\u00e9ry (appel\u00e9 aussi \u00ab\u00a0le p\u00e8re No\u00ebl\u00a0\u00bb car il nous a couverts de cadeaux : ton HF nous a \u00e9t\u00e9 bien utile aussi ce matin, No\u00ebl ! \ud83d\ude09 )<\/p>\n<p>Et l&rsquo;\u00e9quipe au grand complet :<\/p>\n<p><a href=\"http:\/\/lutinelefilm.files.wordpress.com\/2013\/08\/img_8921.jpg\"><img decoding=\"async\" id=\"i-1311\" class=\"size-full wp-image\" src=\"http:\/\/lutineetcie.com\/lutinelefilm\/wp-content\/uploads\/2013\/08\/img_89211.jpg\" alt=\"Image\" \/><\/a><\/p>\n<p>Ana\u00efs Goudal, assistante sur tous les fronts, aussi scripte et r\u00e9gisseuse ce matin&#8230;<br \/>\nAccroupi : Xavier Piro\u00eblle, au son, avec qui j&rsquo;avais tourn\u00e9\u00a0<em>Les Jours bleus.<br \/>\n<\/em>Au 5D, donc, Christophe Colonel.<br \/>\nIsa et Guilain Omont en pleine interview documentaire, mais tourn\u00e9e comme une fiction.<br \/>\nRenaud Triboulet \u00e0 la perche.<br \/>\nEt au\u00a0<em>making of<\/em>\u00a0, \u00e0 la 2\u00e8me cam\u00e9ra et \u00e0 la poussette ce matin : Val\u00e9rian Cadici.<\/p>\n<p>Et quelques images du <em>making of<\/em>\u00a0avant d&rsquo;offrir aux souscripteurs en exclusivit\u00e9 le pr\u00e9-montage de la s\u00e9quence film\u00e9e :<\/p>\n<div class=\"su-vimeo su-u-responsive-media-yes\"><iframe width=\"600\" height=\"400\" src=\"\/\/player.vimeo.com\/video\/71977802?title=0&amp;byline=0&amp;portrait=0&amp;color=ffffff&amp;autoplay=0&amp;dnt=0&amp;muted=0&amp;texttrack=\" frameborder=\"0\" allow=\"autoplay; fullscreen\" allowfullscreen title=\"\"><\/iframe><\/div>\n","protected":false},"excerpt":{"rendered":"<p>Bonjour, on a tourn\u00e9 ce matin comme pr\u00e9vu avec Guilain Omont sur les bords du canal Saint-Martin, et, sp\u00e9cialement pour ma maman qui a cru hier aux camions de TSF dont j&rsquo;ai dit qu&rsquo;ils nous attendaient pour tourner,\u00a0on a pris &hellip; <a href=\"http:\/\/lutineetcie.com\/lutinelefilm\/2013\/08\/08\/une-equipe-au-complet\/\">Continuer la lecture <span class=\"meta-nav\">&rarr;<\/span><\/a><\/p>\n","protected":false},"author":1,"featured_media":0,"comment_status":"open","ping_status":"open","sticky":false,"template":"","format":"standard","meta":[],"categories":[2],"tags":[13,58,27],"_links":{"self":[{"href":"http:\/\/lutineetcie.com\/lutinelefilm\/wp-json\/wp\/v2\/posts\/1290"}],"collection":[{"href":"http:\/\/lutineetcie.com\/lutinelefilm\/wp-json\/wp\/v2\/posts"}],"about":[{"href":"http:\/\/lutineetcie.com\/lutinelefilm\/wp-json\/wp\/v2\/types\/post"}],"author":[{"embeddable":true,"href":"http:\/\/lutineetcie.com\/lutinelefilm\/wp-json\/wp\/v2\/users\/1"}],"replies":[{"embeddable":true,"href":"http:\/\/lutineetcie.com\/lutinelefilm\/wp-json\/wp\/v2\/comments?post=1290"}],"version-history":[{"count":2,"href":"http:\/\/lutineetcie.com\/lutinelefilm\/wp-json\/wp\/v2\/posts\/1290\/revisions"}],"predecessor-version":[{"id":2268,"href":"http:\/\/lutineetcie.com\/lutinelefilm\/wp-json\/wp\/v2\/posts\/1290\/revisions\/2268"}],"wp:attachment":[{"href":"http:\/\/lutineetcie.com\/lutinelefilm\/wp-json\/wp\/v2\/media?parent=1290"}],"wp:term":[{"taxonomy":"category","embeddable":true,"href":"http:\/\/lutineetcie.com\/lutinelefilm\/wp-json\/wp\/v2\/categories?post=1290"},{"taxonomy":"post_tag","embeddable":true,"href":"http:\/\/lutineetcie.com\/lutinelefilm\/wp-json\/wp\/v2\/tags?post=1290"}],"curies":[{"name":"wp","href":"https:\/\/api.w.org\/{rel}","templated":true}]}}